{"id":2750,"date":"2019-05-27T16:12:51","date_gmt":"2019-05-27T14:12:51","guid":{"rendered":"https:\/\/www.ionyx.eu\/?p=2750\/"},"modified":"2021-10-11T15:13:29","modified_gmt":"2021-10-11T13:13:29","slug":"ionyx-salon-medical-expo-de-casablanca","status":"publish","type":"post","link":"https:\/\/www.ionyx.eu\/fr\/ionyx-salon-medical-expo-de-casablanca\/","title":{"rendered":"IONYX au salon Medical Expo de Casablanca"},"content":{"rendered":"<h2>IONYX au salon Medical Expo de Casablanca<\/h2>\n<p>[vc_row][vc_column width=\u00a0\u00bb1\/2&Prime;][vc_column_text]Du 25 au 28 avril, la soci\u00e9t\u00e9 IONYX \u00e9tait pr\u00e9sente sur le salon MEDICAL EXPO organis\u00e9 \u00e0 Casablanca (Maroc). Pour les professionnels du dentaire, ce salon annuel marocain est l&rsquo;\u00e9quivalent du Congr\u00e8s fran\u00e7ais ADF qui se tient \u00e0 Paris chaque mois de novembre.<\/p>\n<p><strong>Depuis quatre ans, Thierry Maillard, le dirigeant de IONYX, vient pr\u00eater main forte sur le stand de son revendeur exclusif au Maroc, la soci\u00e9t\u00e9 ABC Dentaire<\/strong>. R\u00e9ponse aux questions des visiteurs, pr\u00e9sentations d\u00e9taill\u00e9es des produits IONYX, d\u00e9monstration de l&rsquo;utilisation des machines con\u00e7ues par le fabricant fran\u00e7ais&#8230; chaque ann\u00e9e, IONYX se r\u00e9jouit de se rendre sur ce salon qui ne cesse de prendre de l&rsquo;importance au fur-et-\u00e0-mesure des \u00e9ditions.<\/p>\n<p>Ce rendez-vous annuel est \u00e9galement l&rsquo;occasion pour IONYX et ABC Dentaire de resserrer les liens qui les unissent depuis plus de 10 ans ! <strong>Soucieux de construire des relations durables et de confiance avec ses revendeurs partenaires, IONYX prend soin de r\u00e9pondre aux besoins de ses derniers en les accompagnant tout au long de l&rsquo;ann\u00e9e \u00e0 distance, mais pas que !<\/strong> :)[\/vc_column_text][\/vc_column][vc_column width=\u00a0\u00bb1\/2&Prime;][vc_single_image image=\u00a0\u00bb2736&Prime; img_size=\u00a0\u00bbfull\u00a0\u00bb alignment=\u00a0\u00bbcenter\u00a0\u00bb][\/vc_column][\/vc_row]<\/p>\n","protected":false},"excerpt":{"rendered":"<p>Du 25 au 28 avril, la soci\u00e9t\u00e9 IONYX \u00e9tait pr\u00e9sente sur le salon MEDICAL EXPO organis\u00e9 \u00e0 Casablanca (Maroc). Pour les professionnels du dentaire, ce salon annuel marocain est l&rsquo;\u00e9quivalent du Congr\u00e8s fran\u00e7ais ADF qui se tient \u00e0 Paris chaque mois de novembre.<\/p>\n","protected":false},"author":1,"featured_media":2737,"comment_status":"open","ping_status":"open","sticky":false,"template":"","format":"standard","meta":[],"categories":[1],"tags":[],"yoast_head":"<!-- This site is optimized with the Yoast SEO plugin v15.2.1 - https:\/\/yoast.com\/wordpress\/plugins\/seo\/ -->\n<title>IONYX au salon Medical Expo de Casablanca - IONYX<\/title>\n<meta name=\"description\" content=\"Du 25 au 28 avril, la soci\u00e9t\u00e9 IONYX \u00e9tait pr\u00e9sente sur le salon MEDICAL EXPO organis\u00e9 \u00e0 Casablanca (Maroc).\" \/>\n<meta name=\"robots\" content=\"index, follow, max-snippet:-1, max-image-preview:large, max-video-preview:-1\" \/>\n<link rel=\"canonical\" href=\"https:\/\/www.ionyx.eu\/fr\/ionyx-salon-medical-expo-de-casablanca\/\" \/>\n<meta property=\"og:locale\" content=\"fr_FR\" \/>\n<meta property=\"og:type\" content=\"article\" \/>\n<meta property=\"og:title\" content=\"IONYX au salon Medical Expo de Casablanca - IONYX\" \/>\n<meta property=\"og:description\" content=\"Du 25 au 28 avril, la soci\u00e9t\u00e9 IONYX \u00e9tait pr\u00e9sente sur le salon MEDICAL EXPO organis\u00e9 \u00e0 Casablanca (Maroc).\" \/>\n<meta property=\"og:url\" content=\"https:\/\/www.ionyx.eu\/fr\/ionyx-salon-medical-expo-de-casablanca\/\" \/>\n<meta property=\"og:site_name\" content=\"IONYX\" \/>\n<meta property=\"article:published_time\" content=\"2019-05-27T14:12:51+00:00\" \/>\n<meta property=\"article:modified_time\" content=\"2021-10-11T13:13:29+00:00\" \/>\n<meta property=\"og:image\" content=\"https:\/\/www.ionyx.eu\/wp-content\/uploads\/medical-expo-2019_abc-dentaire_casablanca_ionyx.jpg\" \/>\n\t<meta property=\"og:image:width\" content=\"705\" \/>\n\t<meta property=\"og:image:height\" content=\"593\" \/>\n<meta name=\"twitter:card\" content=\"summary\" \/>\n<meta name=\"twitter:label1\" content=\"\u00c9crit par\">\n\t<meta name=\"twitter:data1\" content=\"IONYX\">\n\t<meta name=\"twitter:label2\" content=\"Dur\u00e9e de lecture est.\">\n\t<meta name=\"twitter:data2\" content=\"1 minute\">\n<script type=\"application\/ld+json\" class=\"yoast-schema-graph\">{\"@context\":\"https:\/\/schema.org\",\"@graph\":[{\"@type\":\"WebSite\",\"@id\":\"https:\/\/www.ionyx.eu\/fr\/#website\",\"url\":\"https:\/\/www.ionyx.eu\/fr\/\",\"name\":\"IONYX\",\"description\":\"Concepteur et fabricant fran\\u00e7ais reconnu dans l\\u2019endodontie depuis plus de 25 ans\",\"potentialAction\":[{\"@type\":\"SearchAction\",\"target\":\"https:\/\/www.ionyx.eu\/fr\/?s={search_term_string}\",\"query-input\":\"required name=search_term_string\"}],\"inLanguage\":\"fr-FR\"},{\"@type\":\"ImageObject\",\"@id\":\"https:\/\/www.ionyx.eu\/fr\/ionyx-salon-medical-expo-de-casablanca\/#primaryimage\",\"inLanguage\":\"fr-FR\",\"url\":\"https:\/\/www.ionyx.eu\/wp-content\/uploads\/medical-expo-2019_abc-dentaire_casablanca_ionyx.jpg\",\"width\":705,\"height\":593},{\"@type\":\"WebPage\",\"@id\":\"https:\/\/www.ionyx.eu\/fr\/ionyx-salon-medical-expo-de-casablanca\/#webpage\",\"url\":\"https:\/\/www.ionyx.eu\/fr\/ionyx-salon-medical-expo-de-casablanca\/\",\"name\":\"IONYX au salon Medical Expo de Casablanca - IONYX\",\"isPartOf\":{\"@id\":\"https:\/\/www.ionyx.eu\/fr\/#website\"},\"primaryImageOfPage\":{\"@id\":\"https:\/\/www.ionyx.eu\/fr\/ionyx-salon-medical-expo-de-casablanca\/#primaryimage\"},\"datePublished\":\"2019-05-27T14:12:51+00:00\",\"dateModified\":\"2021-10-11T13:13:29+00:00\",\"author\":{\"@id\":\"https:\/\/www.ionyx.eu\/fr\/#\/schema\/person\/a35294f4f5a13432e3a9127779282f37\"},\"description\":\"Du 25 au 28 avril, la soci\\u00e9t\\u00e9 IONYX \\u00e9tait pr\\u00e9sente sur le salon MEDICAL EXPO organis\\u00e9 \\u00e0 Casablanca (Maroc).\",\"inLanguage\":\"fr-FR\",\"potentialAction\":[{\"@type\":\"ReadAction\",\"target\":[\"https:\/\/www.ionyx.eu\/fr\/ionyx-salon-medical-expo-de-casablanca\/\"]}]},{\"@type\":\"Person\",\"@id\":\"https:\/\/www.ionyx.eu\/fr\/#\/schema\/person\/a35294f4f5a13432e3a9127779282f37\",\"name\":\"IONYX\",\"image\":{\"@type\":\"ImageObject\",\"@id\":\"https:\/\/www.ionyx.eu\/fr\/#personlogo\",\"inLanguage\":\"fr-FR\",\"url\":\"https:\/\/secure.gravatar.com\/avatar\/4f7a0a2d5c1085ea2ff98cf21e7ef116?s=96&d=mm&r=g\",\"caption\":\"IONYX\"}}]}<\/script>\n<!-- \/ Yoast SEO plugin. -->","_links":{"self":[{"href":"https:\/\/www.ionyx.eu\/fr\/wp-json\/wp\/v2\/posts\/2750\/"}],"collection":[{"href":"https:\/\/www.ionyx.eu\/fr\/wp-json\/wp\/v2\/posts\/"}],"about":[{"href":"https:\/\/www.ionyx.eu\/fr\/wp-json\/wp\/v2\/types\/post\/"}],"author":[{"embeddable":true,"href":"https:\/\/www.ionyx.eu\/fr\/wp-json\/wp\/v2\/users\/1\/"}],"replies":[{"embeddable":true,"href":"https:\/\/www.ionyx.eu\/fr\/wp-json\/wp\/v2\/comments\/?post=2750"}],"version-history":[{"count":3,"href":"https:\/\/www.ionyx.eu\/fr\/wp-json\/wp\/v2\/posts\/2750\/revisions\/"}],"predecessor-version":[{"id":3437,"href":"https:\/\/www.ionyx.eu\/fr\/wp-json\/wp\/v2\/posts\/2750\/revisions\/3437\/"}],"wp:featuredmedia":[{"embeddable":true,"href":"https:\/\/www.ionyx.eu\/fr\/wp-json\/wp\/v2\/media\/2737\/"}],"wp:attachment":[{"href":"https:\/\/www.ionyx.eu\/fr\/wp-json\/wp\/v2\/media\/?parent=2750"}],"wp:term":[{"taxonomy":"category","embeddable":true,"href":"https:\/\/www.ionyx.eu\/fr\/wp-json\/wp\/v2\/categories\/?post=2750"},{"taxonomy":"post_tag","embeddable":true,"href":"https:\/\/www.ionyx.eu\/fr\/wp-json\/wp\/v2\/tags\/?post=2750"}],"curies":[{"name":"wp","href":"https:\/\/api.w.org\/{rel}","templated":true}]}}